{"id":1885,"date":"2023-07-23T16:07:23","date_gmt":"2023-07-23T14:07:23","guid":{"rendered":"https:\/\/locupali.com\/WordPress\/?p=1885"},"modified":"2023-08-06T15:43:07","modified_gmt":"2023-08-06T13:43:07","slug":"saison-2021-2022","status":"publish","type":"post","link":"https:\/\/locupali.com\/WordPress\/index.php\/2023\/07\/23\/saison-2021-2022\/","title":{"rendered":"Saison 2021-2022"},"content":{"rendered":"\n<ul class=\"has-black-color has-text-color wp-block-list\">\n<li>Un&nbsp;<strong><a href=\"http:\/\/locupali.com\/documents\/Prospectus.2021.pdf\">PROSPECTUS<\/a><\/strong>&nbsp;a \u00e9t\u00e9 tir\u00e9 \u00e0 5000&nbsp;exemplaires et diffus\u00e9 \u00e0 partir de novembre 2021 \u00e0 Limours et alentour. Il r\u00e9pond \u00e0 vos questions&nbsp;:&nbsp;<strong><em>Qui sommes-nous&nbsp;? &#8211; Notre objectif &#8211; Comment&nbsp;? Quand&nbsp;?<\/em><\/strong><\/li>\n<\/ul>\n\n\n\n<ul class=\"has-black-color has-text-color wp-block-list\">\n<li>Le <strong>formulaire d&#8217;inscription<\/strong> \u00e0 l&#8217;association a \u00e9t\u00e9 modifi\u00e9 pour offrir la possibilit\u00e9 dor\u00e9navant de r\u00e9gler par <em><strong>virement bancaire<\/strong><\/em>. Associ\u00e9 \u00e0 l&#8217;inscription en ligne, ceci vous \u00e9vitera de vous d\u00e9placer et simplifiera la gestion des paiements.<\/li>\n<\/ul>\n\n\n\n<ul class=\"has-black-color has-text-color wp-block-list\">\n<li>Nous vous proposons une sortie culturelle d&#8217;exception le&nbsp;<strong>vendredi 30 septembre 2022<\/strong>&nbsp;:<\/li>\n<\/ul>\n\n\n\n<div class=\"wp-block-group\"><div class=\"wp-block-group__inner-container is-layout-flow wp-block-group-is-layout-flow\">\n<p class=\"has-text-align-center has-black-color has-text-color\">UNE VISITE GUIDEE DU PALAIS DU LUXEMBOURG (S\u00e9nat)<br>APRES UN DEJEUNER DANS UN SALON PRIVATIF DU PALAIS.<\/p>\n\n\n\n<p class=\"has-black-color has-text-color\">Vous trouverez la fiche descriptive d\u00e9taill\u00e9e <a href=\"http:\/\/locupali.com\/WordPress\/index.php\/spectacles\/fiches-des-spectacles\/\" data-type=\"URL\" data-id=\"http:\/\/locupali.com\/WordPress\/index.php\/spectacles\/fiches-des-spectacles\/\">ici<\/a>.<br>Cette visite se fera avec le parrainage du s\u00e9nateur Jean-Raymond Hugonet, s\u00e9nateur de l&#8217;ESSONNE.<br>Le nombre de participants a \u00e9t\u00e9 fix\u00e9 \u00e0 30 et il nous est demand\u00e9, malgr\u00e9 la date lointaine de cette visite, de confirmer tr\u00e8s vite ce nombre de participants. C&#8217;est pourquoi nous lan\u00e7ons d\u00e8s \u00e0 pr\u00e9sent les inscriptions dont la date limite est le <strong>25\/04\/2022<\/strong>.<br>Si vous \u00eates int\u00e9ress\u00e9(e) de fa\u00e7on certaine, r\u00e9servez d\u00e8s \u00e0 pr\u00e9sent cette date sur votre agenda et inscrivez vous tr\u00e8s vite.<br>C&#8217;est une occasion rare et exceptionnelle de visiter ce magnifique b\u00e2timent (de style baroque inspir\u00e9 du Palais Pitti \u00e0 Florence), haut lieu avec l&#8217;Assembl\u00e9e Nationale du pouvoir l\u00e9gislatif.<\/p>\n\n\n\n<p><\/p>\n<\/div><\/div>\n\n\n\n<p><\/p>\n\n\n\n<ul class=\"has-black-color has-text-color wp-block-list\">\n<li><strong>Information aux adh\u00e9rents<\/strong> (14\/3\/2022)<\/li>\n<\/ul>\n\n\n<a href=\"https:\/\/locupali.com\/WordPress\/wp-content\/uploads\/2022\/03\/Information-aux-adherents2.pdf\" class=\"pdfemb-viewer\" style=\"\" data-width=\"max\" data-height=\"max\" data-toolbar=\"both\" data-toolbar-fixed=\"on\">Information-aux-adherents2<\/a>\n<p class=\"wp-block-pdfemb-pdf-embedder-viewer\"><\/p>\n\n\n\n<ul class=\"has-black-color has-text-color wp-block-list\">\n<li>Le site <a href=\"http:\/\/Locupali.com\">Locupali.com<\/a> a \u00e9t\u00e9 l\u00e9g\u00e8rement modifi\u00e9 pour donner plus de coh\u00e9rence et de logique entre pages et contenu. La page &#8220;La vie de l&#8217;association&#8221; devient &#8220;L&#8217;association&#8221; et passe en t\u00eate des menus. La pr\u00e9sentation de la page &#8220;Les nouvelles&#8221; met plus en exergue ce qui constitue son objet essentiel : fournir des informations sur la vie de l&#8217;association et ses nouveaut\u00e9s. <\/li>\n<\/ul>\n\n\n\n<ul class=\"has-black-color has-text-color wp-block-list\">\n<li>Les programmes des <a href=\"http:\/\/locupali.com\/WordPress\/index.php\/sorties-culturelles\/\" data-type=\"URL\" data-id=\"locupali.com\/WordPress\/index.php\/sorties-culturelles\/\">sorties culturelles<\/a> et des <a href=\"http:\/\/locupali.com\/WordPress\/index.php\/spectacles\/\" data-type=\"URL\" data-id=\"locupali.com\/WordPress\/index.php\/spectacles\/\">spectacles<\/a> (avec les fiches de th\u00e9\u00e2tres) ont \u00e9t\u00e9 mis \u00e0 jour.<\/li>\n<\/ul>\n\n\n\n<ul class=\"has-black-color has-text-color wp-block-list\">\n<li>Une nouvelle page <a href=\"http:\/\/locupali.com\/WordPress\/index.php\/aide-memoire\/\">Aide M\u00e9moire<\/a> a \u00e9t\u00e9 ajout\u00e9e \u00e0 notre site pour vous aider \u00e0 retrouver les sorties auxquelles vous participez ainsi que les autres participants \u00e0 ces m\u00eames sorties afin de vous contacter si besoin pour du co-voiturage, par exemple. <\/li>\n<\/ul>\n\n\n\n<ul class=\"has-black-color has-text-color wp-block-list\">\n<li>Un&nbsp;<strong><a href=\"http:\/\/locupali.com\/documents\/Prospectus.2021.pdf\">PROSPECTUS<\/a><\/strong>&nbsp;a \u00e9t\u00e9 tir\u00e9 \u00e0 5000&nbsp;exemplaires et diffus\u00e9 \u00e0 partir de novembre 2021 \u00e0 Limours et alentour. Il r\u00e9pond \u00e0 vos questions&nbsp;:&nbsp;<strong><em>Qui sommes-nous&nbsp;? &#8211; Notre objectif &#8211; Comment&nbsp;? Quand&nbsp;?<\/em><\/strong><\/li>\n<\/ul>\n\n\n\n\n\n\n\n<ul class=\"has-black-color has-text-color wp-block-list\">\n<li><a rel=\"noreferrer noopener\" href=\"https:\/\/www.le-republicain.fr\/a-la-une\/locupali-une-association-qui-fait-sortir-nos-aines-hors-des-sentiers-battus\" target=\"_blank\">article paru dans&nbsp;<em>Le R\u00e9publicain<\/em><\/a>&nbsp;le 5 novembre 2021<\/li>\n<\/ul>\n","protected":false},"excerpt":{"rendered":"<p>UNE VISITE GUIDEE DU PALAIS DU LUXEMBOURG (S\u00e9nat)APRES UN DEJEUNER DANS UN SALON PRIVATIF DU PALAIS. Vous trouverez la fiche descriptive d\u00e9taill\u00e9e ici.Cette visite se fera avec le parrainage du s\u00e9nateur Jean-Raymond Hugonet, s\u00e9nateur de l&#8217;ESSONNE.Le nombre de participants a \u00e9t\u00e9 fix\u00e9 \u00e0 30 et il nous est demand\u00e9, malgr\u00e9 la date lointaine de cette&hellip; <br \/> <a class=\"read-more\" href=\"https:\/\/locupali.com\/WordPress\/index.php\/2023\/07\/23\/saison-2021-2022\/\">Lire la suite<\/a><\/p>\n","protected":false},"author":1,"featured_media":0,"comment_status":"closed","ping_status":"closed","sticky":false,"template":"","format":"standard","meta":{"footnotes":""},"categories":[15],"tags":[],"class_list":["post-1885","post","type-post","status-publish","format-standard","hentry","category-informations"],"a3_pvc":{"activated":false,"total_views":0,"today_views":0},"_links":{"self":[{"href":"https:\/\/locupali.com\/WordPress\/index.php\/wp-json\/wp\/v2\/posts\/1885","targetHints":{"allow":["GET"]}}],"collection":[{"href":"https:\/\/locupali.com\/WordPress\/index.php\/wp-json\/wp\/v2\/posts"}],"about":[{"href":"https:\/\/locupali.com\/WordPress\/index.php\/wp-json\/wp\/v2\/types\/post"}],"author":[{"embeddable":true,"href":"https:\/\/locupali.com\/WordPress\/index.php\/wp-json\/wp\/v2\/users\/1"}],"replies":[{"embeddable":true,"href":"https:\/\/locupali.com\/WordPress\/index.php\/wp-json\/wp\/v2\/comments?post=1885"}],"version-history":[{"count":2,"href":"https:\/\/locupali.com\/WordPress\/index.php\/wp-json\/wp\/v2\/posts\/1885\/revisions"}],"predecessor-version":[{"id":1887,"href":"https:\/\/locupali.com\/WordPress\/index.php\/wp-json\/wp\/v2\/posts\/1885\/revisions\/1887"}],"wp:attachment":[{"href":"https:\/\/locupali.com\/WordPress\/index.php\/wp-json\/wp\/v2\/media?parent=1885"}],"wp:term":[{"taxonomy":"category","embeddable":true,"href":"https:\/\/locupali.com\/WordPress\/index.php\/wp-json\/wp\/v2\/categories?post=1885"},{"taxonomy":"post_tag","embeddable":true,"href":"https:\/\/locupali.com\/WordPress\/index.php\/wp-json\/wp\/v2\/tags?post=1885"}],"curies":[{"name":"wp","href":"https:\/\/api.w.org\/{rel}","templated":true}]}}